{"id":7399,"date":"2017-11-22T13:55:26","date_gmt":"2017-11-22T12:55:26","guid":{"rendered":"https:\/\/www.galtung-institut.de\/?p=7399"},"modified":"2017-11-22T14:03:30","modified_gmt":"2017-11-22T13:03:30","slug":"deutsch-permakultur-einsatz-in-marokko-interview-2","status":"publish","type":"post","link":"https:\/\/www.galtung-institut.de\/de\/2017\/deutsch-permakultur-einsatz-in-marokko-interview-2\/","title":{"rendered":"Permakultur: Einsatz in Marokko! (Interview #2)"},"content":{"rendered":"<p>Wussten Sie, dass heute schon \u00fcber 1 Millionen Menschen weltweit Permakultur betreiben?<\/p>\n<p>Heute m\u00f6chte ich Ihnen Teil 2 des Interviews mit Joana Baumann und Lukas M\u00fcller aus der Schweiz vorstellen, die ein inspirierendes Permakultur-Projekt im Atlasgebirge in Marokko betreuen.<\/p>\n<p>Sie wenden die Prinzipien der Permakultur an, um der Desertifikation entgegen zu wirken, die Bodenqualit\u00e4t in dem Gebiet zu verbessern und mit der lokalen Bev\u00f6lkerung die Vorteile der nachhaltigen Landwirtschaft zu nutzen. Das unten beigef\u00fcgte Video ist der zweite Teil meines insgesamt dreiteiligen Gespr\u00e4chs mit ihnen.<\/p>\n<p><iframe loading=\"lazy\" title=\"Permaculture For Peace: \u00c9cole Vivante (2)\" width=\"500\" height=\"281\" src=\"https:\/\/www.youtube.com\/embed\/BLckUMPJjkw?feature=oembed\" frameborder=\"0\" allow=\"accelerometer; autoplay; clipboard-write; encrypted-media; gyroscope; picture-in-picture; web-share\" referrerpolicy=\"strict-origin-when-cross-origin\" allowfullscreen><\/iframe><\/p>\n<p>In diesem zweiten Teil meines Interviews beantworten die beiden Permakultur-Praktiker*innen folgende Fragen:<br \/>\n5. Was habt ihr bisher erreicht? Wie hat sich die Natur und \u00d6kologie entwickelt auf dem Grundst\u00fcck?<br \/>\n6. Welche Probleme seht ihr momentan in Marokko mit der Art Landwirtschaft zu betreiben?<br \/>\n7. Ist Permakultur eine nachhaltige L\u00f6sung? Warum ist es so toll?<br \/>\n8. Was war vor Ort bisher die gr\u00f6\u00dfte Herausforderung Permakultur zu implementieren?<br \/>\n9. Ich hab die sch\u00f6nen angelegten Terrassen auf eurem Blog gesehen. Wie habt ihr das gemacht? Sind die selbstgemacht ohne Maschinen?<br \/>\n10. Welche Art von Menschen eignen sich am besten um so ein Projekt umzusetzen? Wen braucht man vor Ort als Helfer?<br \/>\n11. Wie ist es kulturell vor Ort? Wie offen ist der Islam f\u00fcr die Prinzipien der Permakultur?<\/p>\n<p><strong><a href=\"https:\/\/www.galtung-institut.de\/de\/2017\/deutsch-permakultur-einsatz-in-marokko-interview\">Den ersten Teil des Interviews finden Sie hier<\/a><\/strong><\/p>\n<p><img decoding=\"async\" src=\"https:\/\/ecolevivante.files.wordpress.com\/2017\/05\/permaculture-oben.jpg?w=620&amp;h=457\" alt=\"Die Terrassen\" \/><\/p>\n<p>&nbsp;<\/p>\n<p>Wenn Sie mehr \u00fcber Joana Baumann und Lukas M\u00fcller und ihre neuesten Erfahrungen in ihrem Projekt erfahren m\u00f6chten:<br \/>\n<a href=\"https:\/\/www.rohbrett.com\/permakultur\/blog\" rel=\"nofollow\">https:\/\/www.rohbrett.com\/permakultur\/blog<\/a><\/p>\n<p>&nbsp;<\/p>\n<p>Beste Gr\u00fc\u00dfe,<br \/>\nSebastian<\/p>\n<p>&nbsp;<\/p>","protected":false},"excerpt":{"rendered":"<p>Wussten Sie, dass heute schon \u00fcber 1 Millionen Menschen weltweit Permakultur betreiben? Heute m\u00f6chte ich Ihnen Teil 2 des Interviews mit Joana Baumann und Lukas M\u00fcller aus der Schweiz vorstellen, die ein inspirierendes Permakultur-Projekt im Atlasgebirge in Marokko betreuen. Sie wenden die Prinzipien der Permakultur an, um der Desertifikation entgegen zu wirken, die Bodenqualit\u00e4t in [&hellip;]<\/p>\n","protected":false},"author":1724,"featured_media":7410,"comment_status":"open","ping_status":"open","sticky":false,"template":"","format":"standard","meta":{"_bbp_topic_count":0,"_bbp_reply_count":0,"_bbp_total_topic_count":0,"_bbp_total_reply_count":0,"_bbp_voice_count":0,"_bbp_anonymous_reply_count":0,"_bbp_topic_count_hidden":0,"_bbp_reply_count_hidden":0,"_bbp_forum_subforum_count":0,"footnotes":""},"categories":[15],"tags":[],"coauthors":[888],"class_list":["post-7399","post","type-post","status-publish","format-standard","has-post-thumbnail","hentry","category-foodforthought"],"_links":{"self":[{"href":"https:\/\/www.galtung-institut.de\/de\/wp-json\/wp\/v2\/posts\/7399","targetHints":{"allow":["GET"]}}],"collection":[{"href":"https:\/\/www.galtung-institut.de\/de\/wp-json\/wp\/v2\/posts"}],"about":[{"href":"https:\/\/www.galtung-institut.de\/de\/wp-json\/wp\/v2\/types\/post"}],"author":[{"embeddable":true,"href":"https:\/\/www.galtung-institut.de\/de\/wp-json\/wp\/v2\/users\/1724"}],"replies":[{"embeddable":true,"href":"https:\/\/www.galtung-institut.de\/de\/wp-json\/wp\/v2\/comments?post=7399"}],"version-history":[{"count":7,"href":"https:\/\/www.galtung-institut.de\/de\/wp-json\/wp\/v2\/posts\/7399\/revisions"}],"predecessor-version":[{"id":7411,"href":"https:\/\/www.galtung-institut.de\/de\/wp-json\/wp\/v2\/posts\/7399\/revisions\/7411"}],"wp:featuredmedia":[{"embeddable":true,"href":"https:\/\/www.galtung-institut.de\/de\/wp-json\/wp\/v2\/media\/7410"}],"wp:attachment":[{"href":"https:\/\/www.galtung-institut.de\/de\/wp-json\/wp\/v2\/media?parent=7399"}],"wp:term":[{"taxonomy":"category","embeddable":true,"href":"https:\/\/www.galtung-institut.de\/de\/wp-json\/wp\/v2\/categories?post=7399"},{"taxonomy":"post_tag","embeddable":true,"href":"https:\/\/www.galtung-institut.de\/de\/wp-json\/wp\/v2\/tags?post=7399"},{"taxonomy":"author","embeddable":true,"href":"https:\/\/www.galtung-institut.de\/de\/wp-json\/wp\/v2\/coauthors?post=7399"}],"curies":[{"name":"wp","href":"https:\/\/api.w.org\/{rel}","templated":true}]}}